{"id":2266,"date":"2016-04-22T16:19:29","date_gmt":"2016-04-22T14:19:29","guid":{"rendered":"http:\/\/www.hasici-jivina.cz\/?p=2266"},"modified":"2016-09-19T11:00:13","modified_gmt":"2016-09-19T09:00:13","slug":"fotogalerie-krajska-soutez-ve-vyprostovani-osob-z-havarovanych-vozidel-horovice-29-4-2015","status":"publish","type":"post","link":"https:\/\/www.hasici-jivina.cz\/?p=2266","title":{"rendered":"Krajsk\u00e1 sout\u011b\u017e ve vypro\u0161\u0165ov\u00e1n\u00ed osob z havarovan\u00fdch vozidel Ho\u0159ovice, 29.4.2015 [foto]"},"content":{"rendered":"<p><img decoding=\"async\" class=\"ngg_displayed_gallery mceItem\" src=\"https:\/\/www.hasici-jivina.cz\/index.php\/nextgen-attach_to_post\/preview\/id--2267\" alt=\"\" data-mce-placeholder=\"1\" \/><\/p>\n","protected":false},"excerpt":{"rendered":"","protected":false},"author":1,"featured_media":2268,"comment_status":"open","ping_status":"open","sticky":false,"template":"","format":"standard","meta":{"footnotes":""},"categories":[7],"tags":[],"class_list":["post-2266","post","type-post","status-publish","format-standard","has-post-thumbnail","hentry","category-galerie"],"_links":{"self":[{"href":"https:\/\/www.hasici-jivina.cz\/index.php?rest_route=\/wp\/v2\/posts\/2266","targetHints":{"allow":["GET"]}}],"collection":[{"href":"https:\/\/www.hasici-jivina.cz\/index.php?rest_route=\/wp\/v2\/posts"}],"about":[{"href":"https:\/\/www.hasici-jivina.cz\/index.php?rest_route=\/wp\/v2\/types\/post"}],"author":[{"embeddable":true,"href":"https:\/\/www.hasici-jivina.cz\/index.php?rest_route=\/wp\/v2\/users\/1"}],"replies":[{"embeddable":true,"href":"https:\/\/www.hasici-jivina.cz\/index.php?rest_route=%2Fwp%2Fv2%2Fcomments&post=2266"}],"version-history":[{"count":0,"href":"https:\/\/www.hasici-jivina.cz\/index.php?rest_route=\/wp\/v2\/posts\/2266\/revisions"}],"wp:featuredmedia":[{"embeddable":true,"href":"https:\/\/www.hasici-jivina.cz\/index.php?rest_route=\/wp\/v2\/media\/2268"}],"wp:attachment":[{"href":"https:\/\/www.hasici-jivina.cz\/index.php?rest_route=%2Fwp%2Fv2%2Fmedia&parent=2266"}],"wp:term":[{"taxonomy":"category","embeddable":true,"href":"https:\/\/www.hasici-jivina.cz\/index.php?rest_route=%2Fwp%2Fv2%2Fcategories&post=2266"},{"taxonomy":"post_tag","embeddable":true,"href":"https:\/\/www.hasici-jivina.cz\/index.php?rest_route=%2Fwp%2Fv2%2Ftags&post=2266"}],"curies":[{"name":"wp","href":"https:\/\/api.w.org\/{rel}","templated":true}]}}