{"id":2292,"date":"2016-06-23T13:14:48","date_gmt":"2016-06-23T11:14:48","guid":{"rendered":"http:\/\/www.hasici-jivina.cz\/?p=2292"},"modified":"2019-09-05T07:55:25","modified_gmt":"2019-09-05T05:55:25","slug":"krajske-kolo-souteze-v-pozarnim-sportu-18-19-6-2016-ostrava-video","status":"publish","type":"post","link":"https:\/\/www.hasici-jivina.cz\/?p=2292","title":{"rendered":"Krajsk\u00e9 kolo sout\u011b\u017ee v po\u017e\u00e1rn\u00edm sportu, 18. &#8211; 19. 6. 2016, Ostrava [video]"},"content":{"rendered":"<p>Hezk\u00e9 video z krajsk\u00e9ho kola sout\u011b\u017ee v po\u017e\u00e1rn\u00edm sportu.<\/p>\n<p>Zdroj:\u00a0<a href=\"http:\/\/www.hasici.tv\/clanek\/v-ostrave-probehlo-kraske-kolo-souteze-v-pozarnim-sportu\/2505\" target=\"_blank\" rel=\"noopener noreferrer\">hasici.tv<\/a><\/p>\n<p><iframe loading=\"lazy\" title=\"18. - 19. 6. 2016 Ostrava, Krajsk\u00e9 kolo sout\u011b\u017ee v po\u017e\u00e1rn\u00edm sportu\" width=\"800\" height=\"450\" src=\"https:\/\/www.youtube.com\/embed\/NNAZHFrnb6c?feature=oembed\" frameborder=\"0\" allow=\"accelerometer; autoplay; clipboard-write; encrypted-media; gyroscope; picture-in-picture; web-share\" referrerpolicy=\"strict-origin-when-cross-origin\" allowfullscreen><\/iframe><\/p>\n","protected":false},"excerpt":{"rendered":"<p>Hezk\u00e9 video z krajsk\u00e9ho kola sout\u011b\u017ee v po\u017e\u00e1rn\u00edm sportu. Zdroj:\u00a0hasici.tv<\/p>\n","protected":false},"author":1,"featured_media":2335,"comment_status":"closed","ping_status":"closed","sticky":false,"template":"","format":"standard","meta":{"footnotes":""},"categories":[6,3],"tags":[],"class_list":["post-2292","post","type-post","status-publish","format-standard","has-post-thumbnail","hentry","category-video","category-vycvik"],"_links":{"self":[{"href":"https:\/\/www.hasici-jivina.cz\/index.php?rest_route=\/wp\/v2\/posts\/2292","targetHints":{"allow":["GET"]}}],"collection":[{"href":"https:\/\/www.hasici-jivina.cz\/index.php?rest_route=\/wp\/v2\/posts"}],"about":[{"href":"https:\/\/www.hasici-jivina.cz\/index.php?rest_route=\/wp\/v2\/types\/post"}],"author":[{"embeddable":true,"href":"https:\/\/www.hasici-jivina.cz\/index.php?rest_route=\/wp\/v2\/users\/1"}],"replies":[{"embeddable":true,"href":"https:\/\/www.hasici-jivina.cz\/index.php?rest_route=%2Fwp%2Fv2%2Fcomments&post=2292"}],"version-history":[{"count":0,"href":"https:\/\/www.hasici-jivina.cz\/index.php?rest_route=\/wp\/v2\/posts\/2292\/revisions"}],"wp:featuredmedia":[{"embeddable":true,"href":"https:\/\/www.hasici-jivina.cz\/index.php?rest_route=\/wp\/v2\/media\/2335"}],"wp:attachment":[{"href":"https:\/\/www.hasici-jivina.cz\/index.php?rest_route=%2Fwp%2Fv2%2Fmedia&parent=2292"}],"wp:term":[{"taxonomy":"category","embeddable":true,"href":"https:\/\/www.hasici-jivina.cz\/index.php?rest_route=%2Fwp%2Fv2%2Fcategories&post=2292"},{"taxonomy":"post_tag","embeddable":true,"href":"https:\/\/www.hasici-jivina.cz\/index.php?rest_route=%2Fwp%2Fv2%2Ftags&post=2292"}],"curies":[{"name":"wp","href":"https:\/\/api.w.org\/{rel}","templated":true}]}}