{"id":2321,"date":"2016-09-19T09:49:58","date_gmt":"2016-09-19T07:49:58","guid":{"rendered":"http:\/\/www.hasici-jivina.cz\/?p=2321"},"modified":"2019-09-05T07:55:03","modified_gmt":"2019-09-05T05:55:03","slug":"oslavy-110-vyroci-zalozeni-sdh-komarov-17-9-2016-fotogalerie","status":"publish","type":"post","link":"https:\/\/www.hasici-jivina.cz\/?p=2321","title":{"rendered":"Oslavy 110. v\u00fdro\u010d\u00ed zalo\u017een\u00ed SDH Kom\u00e1rov, 17.9.2016 [foto]"},"content":{"rendered":"<p>V sobotu 17.9.2016 oslavovali hasi\u010di z Kom\u00e1rova 110 let od zalo\u017een\u00ed jejich hasi\u010dsk\u00e9ho\u00a0sboru.<\/p>\n<p>Jedn\u00edm z &#8222;\u00fa\u010dinkuj\u00edc\u00edch&#8220; byla i jivinsk\u00e1 ko\u0148ka.<\/p>\n<p><img decoding=\"async\" class=\"ngg_displayed_gallery mceItem\" src=\"https:\/\/www.hasici-jivina.cz\/index.php\/nextgen-attach_to_post\/preview\/id--2325\" alt=\"\" data-mce-placeholder=\"1\" \/><\/p>\n","protected":false},"excerpt":{"rendered":"<p>V sobotu 17.9.2016 oslavovali hasi\u010di z Kom\u00e1rova 110 let od zalo\u017een\u00ed jejich hasi\u010dsk\u00e9ho\u00a0sboru. Jedn\u00edm z &#8222;\u00fa\u010dinkuj\u00edc\u00edch&#8220; byla i jivinsk\u00e1 ko\u0148ka.<\/p>\n","protected":false},"author":1,"featured_media":2334,"comment_status":"closed","ping_status":"closed","sticky":false,"template":"","format":"standard","meta":{"footnotes":""},"categories":[8,7,11,5],"tags":[],"class_list":["post-2321","post","type-post","status-publish","format-standard","has-post-thumbnail","hentry","category-akce","category-galerie","category-historie-sboru","category-technika"],"_links":{"self":[{"href":"https:\/\/www.hasici-jivina.cz\/index.php?rest_route=\/wp\/v2\/posts\/2321","targetHints":{"allow":["GET"]}}],"collection":[{"href":"https:\/\/www.hasici-jivina.cz\/index.php?rest_route=\/wp\/v2\/posts"}],"about":[{"href":"https:\/\/www.hasici-jivina.cz\/index.php?rest_route=\/wp\/v2\/types\/post"}],"author":[{"embeddable":true,"href":"https:\/\/www.hasici-jivina.cz\/index.php?rest_route=\/wp\/v2\/users\/1"}],"replies":[{"embeddable":true,"href":"https:\/\/www.hasici-jivina.cz\/index.php?rest_route=%2Fwp%2Fv2%2Fcomments&post=2321"}],"version-history":[{"count":0,"href":"https:\/\/www.hasici-jivina.cz\/index.php?rest_route=\/wp\/v2\/posts\/2321\/revisions"}],"wp:featuredmedia":[{"embeddable":true,"href":"https:\/\/www.hasici-jivina.cz\/index.php?rest_route=\/wp\/v2\/media\/2334"}],"wp:attachment":[{"href":"https:\/\/www.hasici-jivina.cz\/index.php?rest_route=%2Fwp%2Fv2%2Fmedia&parent=2321"}],"wp:term":[{"taxonomy":"category","embeddable":true,"href":"https:\/\/www.hasici-jivina.cz\/index.php?rest_route=%2Fwp%2Fv2%2Fcategories&post=2321"},{"taxonomy":"post_tag","embeddable":true,"href":"https:\/\/www.hasici-jivina.cz\/index.php?rest_route=%2Fwp%2Fv2%2Ftags&post=2321"}],"curies":[{"name":"wp","href":"https:\/\/api.w.org\/{rel}","templated":true}]}}