{"id":2553,"date":"2018-08-20T15:23:32","date_gmt":"2018-08-20T13:23:32","guid":{"rendered":"http:\/\/www.hasici-jivina.cz\/?p=2553"},"modified":"2022-12-22T13:52:59","modified_gmt":"2022-12-22T12:52:59","slug":"ukonceni-prazdnin-2018","status":"publish","type":"post","link":"https:\/\/www.hasici-jivina.cz\/?p=2553","title":{"rendered":"Ukon\u010den\u00ed pr\u00e1zdnin 2018 (1.9.2018)"},"content":{"rendered":"<p>P\u0159es nep\u0159\u00edze\u0148 po\u010das\u00ed se n\u00e1m v\u010dera, soud\u011b dle reakc\u00ed d\u011bt\u00ed a maminek, ukon\u010den\u00ed pr\u00e1zdnin povedlo.<\/p>\n<p>Cht\u011bli bychom pod\u011bkovat p\u0159ev\u00e1\u017en\u011b mamink\u00e1m a babi\u010dk\u00e1m, \u017ee se zamra\u010den\u00e9ho po\u010das\u00ed nezalekly a p\u0159i\u0161li se za n\u00e1mi s d\u011btmi pod\u00edvat. Z\u00e1rove\u0148 tak\u00e9 moc d\u011bkujeme hasi\u010d\u016fm z Cheznovic, \u017ee si na n\u00e1s ud\u011blali \u010das a p\u0159edvedli n\u00e1m svoji princeznu a K\u0159\u00ed\u017ekov\u00fdm, \u017ee n\u00e1m operativn\u011b poskytli \u00fato\u010di\u0161t\u011b na druhou \u010d\u00e1st programu \ud83d\ude09<\/p>\n<p>(K t\u00e9 nep\u0159\u00edzni po\u010das\u00ed &#8211; n\u00e1\u0161 starosta tvrd\u00ed, \u017ee je to \u0161patn\u011b pochopeno. Pr\u00fd musel velice siln\u011b lobovat na \u010cHM\u00da, aby s t\u00edm po\u010das\u00edm n\u011bco ud\u011blali a d\u011bti se n\u00e1m nep\u0159eh\u0159\u00edvali \ud83d\ude1b )<\/p>\n<p>Pokud budete n\u00e1m budete cht\u00edt poskytnout v\u00e1mi po\u0159\u00edzen\u00e9 fotografie, budeme jen r\u00e1di \ud83d\ude42 Kontaktujte n\u00e1s pros\u00edm na adrese &#8218;info@hasici-jivina.cz&#8216;. P\u0159edem d\u011bkujeme \ud83d\ude42<\/p>\n<p>Kompletn\u00ed fotogalerie je k dispozici zde:&nbsp;<a href=\"https:\/\/photos.app.goo.gl\/23aHGJtV1jiENczM9\" target=\"_blank\" rel=\"nofollow noopener noreferrer\" data-ft=\"{&quot;tn&quot;:&quot;-U&quot;}\" data-lynx-mode=\"async\" data-lynx-uri=\"https:\/\/l.facebook.com\/l.php?u=https%3A%2F%2Fphotos.app.goo.gl%2F23aHGJtV1jiENczM9&amp;h=AT0BabuPZm6TMRYwv54CdKzLNSyx0Aa_B6ioBSkyZALLDd4Xfus9KkwK4JQONwqe984cc3OyY-5YlJEiOshTizwy7IVSmqDO_Oeidl7s8auFE8pvBEmViq5UK_lWYI8NvjM619P7zKU-qwujYYoAHbYeyuyPYeWi0a0K-2FUumgrWvdyFRTuIf7G_una-xZBHgzJsZtFfAGdnCNkHlStPPSibx5BP__TNNmgILnACIsr9p9uYF3UQ2D9Eq11-nHWxmUavZQUzqz4VA3qQBLlV4PQiQubUbGGkdhkf3Hs_PdgJ8Y8Pbc5pFPcPmlMI1sFvmm0lBfN2J2yTfD_L9fzn7OV6N2U5ZiaOM3d_ePvZvhjGsQ8a1hayDkD5Z1evuxypIvETF6_4jsamyteih5415lY5xRztVM\">https:\/\/photos.app.goo.gl\/23aHGJtV1jiENczM9<\/a><\/p>\n<p>[ngg_images source=&#8220;galleries&#8220; container_ids=&#8220;15&#8243; display_type=&#8220;photocrati-nextgen_basic_thumbnails&#8220; override_thumbnail_settings=&#8220;0&#8243; thumbnail_width=&#8220;240&#8243; thumbnail_height=&#8220;160&#8243; thumbnail_crop=&#8220;1&#8243; images_per_page=&#8220;60&#8243; number_of_columns=&#8220;0&#8243; ajax_pagination=&#8220;0&#8243; show_all_in_lightbox=&#8220;0&#8243; use_imagebrowser_effect=&#8220;0&#8243; show_slideshow_link=&#8220;0&#8243; slideshow_link_text=&#8220;[Uk\u00e1zat prezentaci]&#8220; order_by=&#8220;sortorder&#8220; order_direction=&#8220;ASC&#8220; returns=&#8220;included&#8220; maximum_entity_count=&#8220;500&#8243;]<\/p>\n","protected":false},"excerpt":{"rendered":"<p>P\u0159es nep\u0159\u00edze\u0148 po\u010das\u00ed se n\u00e1m v\u010dera, soud\u011b dle reakc\u00ed d\u011bt\u00ed a maminek, ukon\u010den\u00ed pr\u00e1zdnin povedlo. Cht\u011bli bychom pod\u011bkovat p\u0159ev\u00e1\u017en\u011b mamink\u00e1m<\/p>\n","protected":false},"author":1,"featured_media":2565,"comment_status":"closed","ping_status":"closed","sticky":false,"template":"","format":"standard","meta":{"footnotes":""},"categories":[8,7],"tags":[],"class_list":["post-2553","post","type-post","status-publish","format-standard","has-post-thumbnail","hentry","category-akce","category-galerie"],"_links":{"self":[{"href":"https:\/\/www.hasici-jivina.cz\/index.php?rest_route=\/wp\/v2\/posts\/2553","targetHints":{"allow":["GET"]}}],"collection":[{"href":"https:\/\/www.hasici-jivina.cz\/index.php?rest_route=\/wp\/v2\/posts"}],"about":[{"href":"https:\/\/www.hasici-jivina.cz\/index.php?rest_route=\/wp\/v2\/types\/post"}],"author":[{"embeddable":true,"href":"https:\/\/www.hasici-jivina.cz\/index.php?rest_route=\/wp\/v2\/users\/1"}],"replies":[{"embeddable":true,"href":"https:\/\/www.hasici-jivina.cz\/index.php?rest_route=%2Fwp%2Fv2%2Fcomments&post=2553"}],"version-history":[{"count":0,"href":"https:\/\/www.hasici-jivina.cz\/index.php?rest_route=\/wp\/v2\/posts\/2553\/revisions"}],"wp:featuredmedia":[{"embeddable":true,"href":"https:\/\/www.hasici-jivina.cz\/index.php?rest_route=\/wp\/v2\/media\/2565"}],"wp:attachment":[{"href":"https:\/\/www.hasici-jivina.cz\/index.php?rest_route=%2Fwp%2Fv2%2Fmedia&parent=2553"}],"wp:term":[{"taxonomy":"category","embeddable":true,"href":"https:\/\/www.hasici-jivina.cz\/index.php?rest_route=%2Fwp%2Fv2%2Fcategories&post=2553"},{"taxonomy":"post_tag","embeddable":true,"href":"https:\/\/www.hasici-jivina.cz\/index.php?rest_route=%2Fwp%2Fv2%2Ftags&post=2553"}],"curies":[{"name":"wp","href":"https:\/\/api.w.org\/{rel}","templated":true}]}}