{"id":2703,"date":"2018-10-12T20:53:08","date_gmt":"2018-10-12T18:53:08","guid":{"rendered":"http:\/\/www.hasici-jivina.cz\/?p=2703"},"modified":"2019-09-05T07:53:36","modified_gmt":"2019-09-05T05:53:36","slug":"drakiada","status":"publish","type":"post","link":"https:\/\/www.hasici-jivina.cz\/?p=2703","title":{"rendered":"Draki\u00e1da"},"content":{"rendered":"<p>SDH Jivina po\u0159\u00e1d\u00e1 draki\u00e1du pro krotitele drak\u016f ka\u017ed\u00e9ho v\u011bku :-),<\/p>\n<p>kter\u00e1 se kon\u00e1 3.11.2018 p\u0159ed hasi\u010d\u00e1rnou v Jivin\u011b.<\/p>\n<div class=\"_63eu _63ev\">\n<div class=\"_63ew\" data-testid=\"event-permalink-details\">\n<p>P\u0159ipraven\u00e9 sout\u011b\u017ee:<\/p>\n<p>Drakrobacie:<br \/>\nNejlep\u0161\u00ed vzdu\u0161n\u00fd man\u00e9vrus a\u0165 u\u017e z\u00e1m\u011brn\u00fd, \u010di neo\u010dek\u00e1van\u00fd, o to v\u00edce obdivuhodn\u00fd<\/p>\n<p>Dra\u010dkrle:<br \/>\nN\u00e1cvik krmen\u00ed draka (vzd\u00e1len\u011b p\u0159ipom\u00ednaj\u00edc\u00ed ty\u010dkrle, an\u00e9br\u017e \u0161pa\u010dka)<\/p>\n<p>Dracathon:<br \/>\nKdo udr\u017e\u00ed draka nejd\u00e9le na obloze (pro zl\u00e9 jazyky dod\u00e1v\u00e1me, \u017ee je \u0159e\u010d o draku pap\u00edrov\u00e9m \ud83d\ude42 )<\/p>\n<p>Drakologie:<br \/>\nPozn\u00e1v\u00e1n\u00ed drak\u016f (Draxeso)<\/p>\n<p>Krasodrak:<br \/>\nSout\u011b\u017e o nejkr\u00e1sn\u011bj\u0161\u00edho vlastnoru\u010dn\u011b vyroben\u00e9ho draka.&nbsp;<br \/>\nLoveck\u00e1\/v\u00e1le\u010dn\u00e1 kresba na obli\u010deji, do\u017eene Va\u0161eho draka k naddra\u010d\u00edm v\u00fdkon\u016fm &#8211; proto bude samostatnou sou\u010d\u00e1st\u00ed t\u00e9to \u010d\u00e1sti tak\u00e9 volba nejlep\u0161\u00edho loveck\u00e9ho zbarven\u00ed na tv\u00e1\u0159i krotitelky nebo krotitele<\/p>\n<p>Vozembouch:<br \/>\nV\u00edt\u011bzem se stane krotitel\/ka dos\u00e1hnuv\u0161\u00ed nejobskurn\u011bj\u0161\u00edho a dechberouc\u00edho p\u00e1du sv\u00e9ho sv\u011b\u0159ence (maminky, sv\u011b\u0159encem rozum\u00edme draky, ne d\u011bti \ud83d\ude09&nbsp;<\/p>\n<\/div>\n<\/div>\n","protected":false},"excerpt":{"rendered":"<p>SDH Jivina po\u0159\u00e1d\u00e1 draki\u00e1du pro krotitele drak\u016f ka\u017ed\u00e9ho v\u011bku :-), kter\u00e1 se kon\u00e1 3.11.2018 p\u0159ed hasi\u010d\u00e1rnou v Jivin\u011b. P\u0159ipraven\u00e9 sout\u011b\u017ee:<\/p>\n","protected":false},"author":1,"featured_media":2704,"comment_status":"closed","ping_status":"closed","sticky":false,"template":"","format":"standard","meta":{"footnotes":""},"categories":[8],"tags":[],"class_list":["post-2703","post","type-post","status-publish","format-standard","has-post-thumbnail","hentry","category-akce"],"_links":{"self":[{"href":"https:\/\/www.hasici-jivina.cz\/index.php?rest_route=\/wp\/v2\/posts\/2703","targetHints":{"allow":["GET"]}}],"collection":[{"href":"https:\/\/www.hasici-jivina.cz\/index.php?rest_route=\/wp\/v2\/posts"}],"about":[{"href":"https:\/\/www.hasici-jivina.cz\/index.php?rest_route=\/wp\/v2\/types\/post"}],"author":[{"embeddable":true,"href":"https:\/\/www.hasici-jivina.cz\/index.php?rest_route=\/wp\/v2\/users\/1"}],"replies":[{"embeddable":true,"href":"https:\/\/www.hasici-jivina.cz\/index.php?rest_route=%2Fwp%2Fv2%2Fcomments&post=2703"}],"version-history":[{"count":0,"href":"https:\/\/www.hasici-jivina.cz\/index.php?rest_route=\/wp\/v2\/posts\/2703\/revisions"}],"wp:featuredmedia":[{"embeddable":true,"href":"https:\/\/www.hasici-jivina.cz\/index.php?rest_route=\/wp\/v2\/media\/2704"}],"wp:attachment":[{"href":"https:\/\/www.hasici-jivina.cz\/index.php?rest_route=%2Fwp%2Fv2%2Fmedia&parent=2703"}],"wp:term":[{"taxonomy":"category","embeddable":true,"href":"https:\/\/www.hasici-jivina.cz\/index.php?rest_route=%2Fwp%2Fv2%2Fcategories&post=2703"},{"taxonomy":"post_tag","embeddable":true,"href":"https:\/\/www.hasici-jivina.cz\/index.php?rest_route=%2Fwp%2Fv2%2Ftags&post=2703"}],"curies":[{"name":"wp","href":"https:\/\/api.w.org\/{rel}","templated":true}]}}