{"id":3303,"date":"2019-08-07T12:37:17","date_gmt":"2019-08-07T10:37:17","guid":{"rendered":"http:\/\/www.hasici-jivina.cz\/?p=3303"},"modified":"2022-12-22T13:50:55","modified_gmt":"2022-12-22T12:50:55","slug":"vycvik-zachrana-osob-z-vody-a-transport-zranene-osoby-fotogalerie","status":"publish","type":"post","link":"https:\/\/www.hasici-jivina.cz\/?p=3303","title":{"rendered":"V\u00fdcvik &#8222;Z\u00e1chrana osob z vody&#8220; a &#8222;Transport zran\u011bn\u00e9 osoby&#8220; [Fotogalerie]"},"content":{"rendered":"<p>V p\u00e1tek, 19.\u010dervence 2019, v \u010dase 15:30 &#8211; 20:00, prob\u011bhlo spole\u010dn\u00e9 cvi\u010den\u00ed hasi\u010d\u016f kom\u00e1rovsk\u00e9ho okrsku. Jednalo se o: V\u00fdcvik na vodn\u00ed hladin\u011b \u2013 z\u00e1chrana osob z vody \u2013 ovl\u00e1d\u00e1n\u00ed \u010dlunu + NZP \u2013 imobilizace + transport zran\u011bn\u00e9 osoby \u2013 technick\u00e9 prost\u0159edky pro transport osob<\/p>\n<p>[ngg src=&#8220;galleries&#8220; ids=&#8220;23&#8243; display=&#8220;basic_thumbnail&#8220;]<\/p>\n","protected":false},"excerpt":{"rendered":"<p>V p\u00e1tek, 19.\u010dervence 2019, v \u010dase 15:30 &#8211; 20:00, prob\u011bhlo spole\u010dn\u00e9 cvi\u010den\u00ed hasi\u010d\u016f kom\u00e1rovsk\u00e9ho okrsku. Jednalo se o: V\u00fdcvik na<\/p>\n","protected":false},"author":1,"featured_media":3324,"comment_status":"closed","ping_status":"closed","sticky":false,"template":"","format":"standard","meta":{"footnotes":""},"categories":[7,3],"tags":[],"class_list":["post-3303","post","type-post","status-publish","format-standard","has-post-thumbnail","hentry","category-galerie","category-vycvik"],"_links":{"self":[{"href":"https:\/\/www.hasici-jivina.cz\/index.php?rest_route=\/wp\/v2\/posts\/3303","targetHints":{"allow":["GET"]}}],"collection":[{"href":"https:\/\/www.hasici-jivina.cz\/index.php?rest_route=\/wp\/v2\/posts"}],"about":[{"href":"https:\/\/www.hasici-jivina.cz\/index.php?rest_route=\/wp\/v2\/types\/post"}],"author":[{"embeddable":true,"href":"https:\/\/www.hasici-jivina.cz\/index.php?rest_route=\/wp\/v2\/users\/1"}],"replies":[{"embeddable":true,"href":"https:\/\/www.hasici-jivina.cz\/index.php?rest_route=%2Fwp%2Fv2%2Fcomments&post=3303"}],"version-history":[{"count":0,"href":"https:\/\/www.hasici-jivina.cz\/index.php?rest_route=\/wp\/v2\/posts\/3303\/revisions"}],"wp:featuredmedia":[{"embeddable":true,"href":"https:\/\/www.hasici-jivina.cz\/index.php?rest_route=\/wp\/v2\/media\/3324"}],"wp:attachment":[{"href":"https:\/\/www.hasici-jivina.cz\/index.php?rest_route=%2Fwp%2Fv2%2Fmedia&parent=3303"}],"wp:term":[{"taxonomy":"category","embeddable":true,"href":"https:\/\/www.hasici-jivina.cz\/index.php?rest_route=%2Fwp%2Fv2%2Fcategories&post=3303"},{"taxonomy":"post_tag","embeddable":true,"href":"https:\/\/www.hasici-jivina.cz\/index.php?rest_route=%2Fwp%2Fv2%2Ftags&post=3303"}],"curies":[{"name":"wp","href":"https:\/\/api.w.org\/{rel}","templated":true}]}}