{"id":3859,"date":"2021-08-31T21:15:28","date_gmt":"2021-08-31T19:15:28","guid":{"rendered":"https:\/\/www.hasici-jivina.cz\/?p=3859"},"modified":"2025-03-29T05:43:34","modified_gmt":"2025-03-29T04:43:34","slug":"ukonceni-prazdnin-2021","status":"publish","type":"post","link":"https:\/\/www.hasici-jivina.cz\/?p=3859","title":{"rendered":"Ukon\u010den\u00ed pr\u00e1zdnin 2021"},"content":{"rendered":"\n<p>V sobotu 28.8. jsme uspo\u0159\u00e1dali pro d\u011bti tradi\u010dn\u00ed akci Ukon\u010den\u00ed pr\u00e1zdnin. I p\u0159es nep\u0159\u00edznivou p\u0159edpov\u011b\u010f nakonec p\u0159i\u0161lo spoustu d\u011bt\u00ed i rodi\u010d\u016f a podle spokojen\u00fdch tv\u00e1\u0159\u00ed d\u011bt\u00ed se zd\u00e1, \u017ee se akce l\u00edbila. Chceme touto cestou pod\u011bkovat kamar\u00e1d\u016fm hasi\u010d\u016fm z <a href=\"https:\/\/www.facebook.com\/Hasi%C4%8Di-Ka%C5%99ez-1190632614366481\/?__cft__[0]=AZVBSP2BAk4UmDtbwjB6h-R8OVvQBLzF0fsleFpcFUq3n0WrTiPa0-cPQg2l4KhXvarYWL6T-FGAbbgFOt8LxT3GQvS11TbQ9XFPZM485e6y_He3aICvvz15UG9P9Lda56aUx_PXG2Vf38cyD6O55_N17I9Ezo7AdOGyIX0d1c2xHtLDAy4UCtjaeSKHj7Ie3J4&amp;__tn__=kK-R\">Kareza<\/a> a <a href=\"https:\/\/www.facebook.com\/profile.php?id=100057343214288&amp;__cft__[0]=AZVBSP2BAk4UmDtbwjB6h-R8OVvQBLzF0fsleFpcFUq3n0WrTiPa0-cPQg2l4KhXvarYWL6T-FGAbbgFOt8LxT3GQvS11TbQ9XFPZM485e6y_He3aICvvz15UG9P9Lda56aUx_PXG2Vf38cyD6O55_N17I9Ezo7AdOGyIX0d1c2xHtLDAy4UCtjaeSKHj7Ie3J4&amp;__tn__=-]K-R\">Bavoryn\u011b-Sta\u0161ova<\/a>, kte\u0159\u00ed n\u00e1s p\u0159ijeli podpo\u0159it se svoj\u00ed technikou a tak\u00e9 <a href=\"https:\/\/www.facebook.com\/lucka.srpova?__cft__[0]=AZVBSP2BAk4UmDtbwjB6h-R8OVvQBLzF0fsleFpcFUq3n0WrTiPa0-cPQg2l4KhXvarYWL6T-FGAbbgFOt8LxT3GQvS11TbQ9XFPZM485e6y_He3aICvvz15UG9P9Lda56aUx_PXG2Vf38cyD6O55_N17I9Ezo7AdOGyIX0d1c2xHtLDAy4UCtjaeSKHj7Ie3J4&amp;__tn__=-]K-R\">Lucce Srpov\u00e9<\/a>, Ani\u010dce \u0160lechtov\u00e9 a Petrovi Chvojkovi, kte\u0159\u00ed n\u00e1m pom\u00e1hali s organizac\u00ed.<\/p>\n\n\n\n[ngg src=&#8220;galleries&#8220; ids=&#8220;35&#8243; display=&#8220;basic_thumbnail&#8220; thumbnail_crop=&#8220;0&#8243;]\n","protected":false},"excerpt":{"rendered":"<p>V sobotu 28.8. jsme uspo\u0159\u00e1dali pro d\u011bti tradi\u010dn\u00ed akci Ukon\u010den\u00ed pr\u00e1zdnin. I p\u0159es nep\u0159\u00edznivou p\u0159edpov\u011b\u010f nakonec p\u0159i\u0161lo spoustu d\u011bt\u00ed i<\/p>\n","protected":false},"author":1,"featured_media":3915,"comment_status":"closed","ping_status":"closed","sticky":false,"template":"","format":"standard","meta":{"footnotes":""},"categories":[8,7,25],"tags":[],"class_list":["post-3859","post","type-post","status-publish","format-standard","has-post-thumbnail","hentry","category-akce","category-galerie","category-slider"],"_links":{"self":[{"href":"https:\/\/www.hasici-jivina.cz\/index.php?rest_route=\/wp\/v2\/posts\/3859","targetHints":{"allow":["GET"]}}],"collection":[{"href":"https:\/\/www.hasici-jivina.cz\/index.php?rest_route=\/wp\/v2\/posts"}],"about":[{"href":"https:\/\/www.hasici-jivina.cz\/index.php?rest_route=\/wp\/v2\/types\/post"}],"author":[{"embeddable":true,"href":"https:\/\/www.hasici-jivina.cz\/index.php?rest_route=\/wp\/v2\/users\/1"}],"replies":[{"embeddable":true,"href":"https:\/\/www.hasici-jivina.cz\/index.php?rest_route=%2Fwp%2Fv2%2Fcomments&post=3859"}],"version-history":[{"count":1,"href":"https:\/\/www.hasici-jivina.cz\/index.php?rest_route=\/wp\/v2\/posts\/3859\/revisions"}],"predecessor-version":[{"id":4162,"href":"https:\/\/www.hasici-jivina.cz\/index.php?rest_route=\/wp\/v2\/posts\/3859\/revisions\/4162"}],"wp:featuredmedia":[{"embeddable":true,"href":"https:\/\/www.hasici-jivina.cz\/index.php?rest_route=\/wp\/v2\/media\/3915"}],"wp:attachment":[{"href":"https:\/\/www.hasici-jivina.cz\/index.php?rest_route=%2Fwp%2Fv2%2Fmedia&parent=3859"}],"wp:term":[{"taxonomy":"category","embeddable":true,"href":"https:\/\/www.hasici-jivina.cz\/index.php?rest_route=%2Fwp%2Fv2%2Fcategories&post=3859"},{"taxonomy":"post_tag","embeddable":true,"href":"https:\/\/www.hasici-jivina.cz\/index.php?rest_route=%2Fwp%2Fv2%2Ftags&post=3859"}],"curies":[{"name":"wp","href":"https:\/\/api.w.org\/{rel}","templated":true}]}}